{"id":7399,"date":"2024-10-11T14:16:16","date_gmt":"2024-10-11T12:16:16","guid":{"rendered":"http:\/\/teatramatorski.art\/?p=7399"},"modified":"2024-10-11T16:12:17","modified_gmt":"2024-10-11T14:12:17","slug":"korek-czyli-amatorska-grupa-teatralna","status":"publish","type":"post","link":"https:\/\/teatramatorski.art\/index.php\/2024\/10\/11\/korek-czyli-amatorska-grupa-teatralna\/","title":{"rendered":"Korek czyli Amatorska Grupa Teatralna"},"content":{"rendered":"\n<p class=\"has-drop-cap\">Has\u0142o \u201eRodzice &#8211; Dzieciom\u201d zapocz\u0105tkowa\u0142o w 1996 roku dzia\u0142alno\u015b\u0107 wyj\u0105tkowej grupy teatralnej przy Przedszkolu Nr 26 w Tarnowskich G\u00f3rach-Opatowicach. Z tej inspiracji narodzi\u0142 si\u0119 Klub Rodzic\u00f3w Tw\u00f3rczych, kt\u00f3ry prawie co roku przygotowywa\u0142 bajk\u0119 dla przedszkolak\u00f3w, prezentowan\u0105 na scenie pobliskiej \u015awietlicy Miejskiej, kt\u00f3ra obecnie przekszta\u0142ci\u0142a si\u0119 w fili\u0119 Tarnog\u00f3rskiego Centrum Kultury.<\/p>\n\n\n\n<p> Pocz\u0105tkowo grupa gra\u0142a tylko dla przedszkolak\u00f3w i ich rodzic\u00f3w, oraz powtarza\u0142a spektakle na piknikach w\u0142asnej i s\u0105siednich dzielnic. Sk\u0142ad grupy zmienia\u0142 si\u0119 dynamicznie, tak jak zmieniali si\u0119 wychowankowie przedszkola. Z obecnego sk\u0142adu do grupy do\u0142\u0105czali kolejno: S\u0142awek Bryk w 2014 r., Kasia Bryk, Ania Sosadzin i Olek Sie\u0144kowski w 2016 r., Edyta Szyndlar w 2017 r., Wojtek Spru\u015b w 2018 r. i Marek Magda w 2023 r. Sta\u0142ym cz\u0142onkiem tej grupy jest inicjatorka ca\u0142ego przedsi\u0119wzi\u0119cia, re\u017cyser, scenograf i cz\u0142owiek od wszystkiego- nauczycielka Bo\u017cena Leksy.<\/p>\n\n\n\n<p>Po spektaklu w 2018 roku pad\u0142o has\u0142o: \u201eFajnie gra\u0107 dla dzieci, ale mo\u017ce zagraliby\u015bmy te\u017c dla doros\u0142ych\u201d. Tak narodzi\u0142a si\u0119 Amatorska Grupa Teatralna KOREK. Nazwa \u201eKOREK\u201d symbolizuje spotkania, kt\u00f3re pozwala\u0142y jej cz\u0142onkom na odetkanie emocjonalnego korka i \u201espuszczenie pary\u201d po codziennym stresie.<br>Grupa zacz\u0119\u0142a przygotowania do dw\u00f3ch spektakli- jednego dla dzieci, a drugiego dla doros\u0142ej widowni. Po ich premierze znalaz\u0142a si\u0119 na rozdro\u017cu, poniewa\u017c dzieci wi\u0119kszo\u015bci cz\u0142onk\u00f3w KORKA uko\u0144czy\u0142y edukacj\u0119 przedszkoln\u0105. Cho\u0107 dzieci opu\u015bci\u0142y przedszkole, rodzice pozostali i rozpocz\u0119li pr\u00f3by do nowego przedstawienia. Niestety, pandemia znacz\u0105co op\u00f3\u017ani\u0142a premier\u0119, kt\u00f3ra odby\u0142a si\u0119 dopiero we wrze\u015bniu 2023 roku w Miejskiej Bibliotece Publicznej im. Boles\u0142awa Lubosza w Tarnowskich G\u00f3rach. Dzi\u0119ki wsp\u00f3\u0142pracy z Bibliotek\u0105 KOREK m\u00f3g\u0142 spotka\u0107 si\u0119 ze swoj\u0105 publiczno\u015bci\u0105 w okresie pandemii podczas Narodowego Czytania- akcji spo\u0142ecznej, propaguj\u0105cej znajomo\u015b\u0107 polskiej literatury. Od 2020 roku grupa corocznie w\u0142\u0105cza si\u0119 w akcj\u0119 \u2013 zawsze niepowtarzalnie interpretuj\u0105c dzie\u0142a polskiej literatury.<br>Dzi\u015b cel KORKA pozostaje niezmienny: niewa\u017cne, czy przedstawienie jest dla du\u017cych, czy ma\u0142ych. Najwa\u017cniejsze by dobrze si\u0119 bawi\u0107 podczas pr\u00f3b, \u015bwietnie wyst\u0119powa\u0107 i sprawia\u0107, by publiczno\u015b\u0107 bawi\u0142a si\u0119 tak samo dobrze jak aktorzy.<\/p>\n\n\n\n\n\n<div class=\"wp-block-group\"><div class=\"wp-block-group__inner-container is-layout-constrained wp-block-group-is-layout-constrained\"><div class=\"wp-block-image is-style-default\">\n<figure class=\"alignright size-full is-resized\"><a href=\"https:\/\/www.facebook.com\/p\/Amatorska-Grupa-Teatralna-KOREK-61552161178241\/\" class=\"broken_link\"><img decoding=\"async\" src=\"http:\/\/teatramatorski.art\/wp-content\/uploads\/2024\/10\/image-7.png\" alt=\"\" class=\"wp-image-7417\" style=\"width:90px;height:auto\"\/><\/a><\/figure><\/div><\/div><\/div>\n\n\n\n<p class=\"has-black-color has-vivid-cyan-blue-background-color has-text-color has-background has-link-color has-medium-font-size wp-elements-6bda96f65432a692ecd4322c4edb1263\"><strong>Szukaj nas \u27bc <a href=\"https:\/\/www.facebook.com\/p\/Amatorska-Grupa-Teatralna-KOREK-61552161178241\/\" class=\"broken_link\">TUTAJ<\/a> <\/strong><\/p>\n\n\n<div class=\"wp-block-image\">\n<figure class=\"alignright size-full is-resized\"><img loading=\"lazy\" decoding=\"async\" width=\"188\" height=\"53\" src=\"http:\/\/teatramatorski.art\/wp-content\/uploads\/2024\/10\/image-11.png\" alt=\"\" class=\"wp-image-7423\" style=\"width:402px;height:auto\"\/><\/figure><\/div>\n\n\n<p>DOROBEK SCENICZNY<\/p>\n\n\n\n<p>Przed-KORKOWY<br>1996- \u201eKopciuszek\u201d<br>1997- \u201eKr\u00f3lewna \u015anie\u017cka\u201d<br>1998- \u201eZimowa przygoda\u201d<br>2006 \u201eKopciuszek\u201d<br>2007 \u201eZimowa przygoda\u201d<br>2009 \u201eBrzydkie Kacz\u0105tko\u201d<br>2010 \u201eCzerwony Kapturek\u201d<br>2011 \u201eKot w butach\u201d<br>2012 \u201eCalineczka\u201d<br>2013- \u201eZabawa w \u015bpi\u0105c\u0105 kr\u00f3lewn\u0119\u201d<br>2014- muzyczne przedstawienie Jase\u0142kowe<br>2016- \u201eBajkowy Kogel- Mogel\u201d<br>2017- \u201eBrzydkie Kacz\u0105tko\u201d<\/p>\n\n\n\n<p>KORKOWY<br>2018- \u201eZa g\u00f3rami, za lasami\u2026\u201d<br>2019- \u201eCzekoladki\u201d komedia kryminalna wg scenariusza Bo\u017ceny Kupis- Kucharskiej<br>2019- \u201eNie ma tego z\u0142ego\u201d bajka na podstawie scenariusza Zofii W\u00f3jcik<br>2022- \u201eZimowa przygoda\u201d- bajka<br>2023-2024 \u201ePoprawka, czyli jak si\u0119 pozby\u0107 narzeczonej\u201d- komedia na podstawie scenariusza Bo\u017ceny Kupis- Kucharskiej<br>2024-\u201eBajkowy Kogel- Mogel\u201d<\/p>\n","protected":false},"excerpt":{"rendered":"<p>Has\u0142o \u201eRodzice &#8211; Dzieciom\u201d zapocz\u0105tkowa\u0142o w 1996 roku dzia\u0142alno\u015b\u0107 wyj\u0105tkowej grupy teatralnej przy Przedszkolu Nr 26 w Tarnowskich G\u00f3rach-Opatowicach. Z tej inspiracji narodzi\u0142 si\u0119 Klub Rodzic\u00f3w Tw\u00f3rczych, kt\u00f3ry prawie co roku przygotowywa\u0142 bajk\u0119 dla przedszkolak\u00f3w, prezentowan\u0105 na scenie pobliskiej \u015awietlicy Miejskiej, kt\u00f3ra obecnie przekszta\u0142ci\u0142a si\u0119 w fili\u0119 Tarnog\u00f3rskiego Centrum Kultury. Pocz\u0105tkowo grupa gra\u0142a tylko dla [&hellip;]<\/p>\n","protected":false},"author":1,"featured_media":7428,"comment_status":"closed","ping_status":"closed","sticky":false,"template":"","format":"gallery","meta":{"_mi_skip_tracking":false,"_monsterinsights_sitenote_active":false,"_monsterinsights_sitenote_note":"","_monsterinsights_sitenote_category":0,"kk_blocks_editor_width":"","_kiokenblocks_attr":"","_kiokenblocks_dimensions":"","footnotes":""},"categories":[116],"tags":[],"class_list":["bg-responsive"],"featured_image_urls":{"full":["https:\/\/teatramatorski.art\/wp-content\/uploads\/2024\/10\/korek-1.jpg",500,374,false],"thumbnail":["https:\/\/teatramatorski.art\/wp-content\/uploads\/2024\/10\/korek-1-150x150.jpg",150,150,true],"medium":["https:\/\/teatramatorski.art\/wp-content\/uploads\/2024\/10\/korek-1-300x224.jpg",300,224,true],"medium_large":["https:\/\/teatramatorski.art\/wp-content\/uploads\/2024\/10\/korek-1.jpg",500,374,false],"large":["https:\/\/teatramatorski.art\/wp-content\/uploads\/2024\/10\/korek-1.jpg",500,374,false],"1536x1536":["https:\/\/teatramatorski.art\/wp-content\/uploads\/2024\/10\/korek-1.jpg",500,374,false],"2048x2048":["https:\/\/teatramatorski.art\/wp-content\/uploads\/2024\/10\/korek-1.jpg",500,374,false]},"post_excerpt_stackable":"<p>Has\u0142o \u201eRodzice &#8211; Dzieciom\u201d zapocz\u0105tkowa\u0142o w 1996 roku dzia\u0142alno\u015b\u0107 wyj\u0105tkowej grupy teatralnej przy Przedszkolu Nr 26 w Tarnowskich G\u00f3rach-Opatowicach. Z tej inspiracji narodzi\u0142 si\u0119 Klub Rodzic\u00f3w Tw\u00f3rczych, kt\u00f3ry prawie co roku przygotowywa\u0142 bajk\u0119 dla przedszkolak\u00f3w, prezentowan\u0105 na scenie pobliskiej \u015awietlicy Miejskiej, kt\u00f3ra obecnie przekszta\u0142ci\u0142a si\u0119 w fili\u0119 Tarnog\u00f3rskiego Centrum Kultury. Pocz\u0105tkowo grupa gra\u0142a tylko dla przedszkolak\u00f3w i ich rodzic\u00f3w, oraz powtarza\u0142a spektakle na piknikach w\u0142asnej i s\u0105siednich dzielnic. Sk\u0142ad grupy zmienia\u0142 si\u0119 dynamicznie, tak jak zmieniali si\u0119 wychowankowie przedszkola. Z obecnego sk\u0142adu do grupy do\u0142\u0105czali kolejno: S\u0142awek Bryk w 2014 r., Kasia Bryk, Ania Sosadzin i Olek Sie\u0144kowski w 2016&hellip;<\/p>\n","category_list":"<a href=\"https:\/\/teatramatorski.art\/index.php\/category\/amatorska-grupa-teatralna-korek\/\" rel=\"category tag\">Amatorska Grupa Teatralna Korek<\/a>","author_info":{"name":"admin","url":"https:\/\/teatramatorski.art\/index.php\/author\/admin\/"},"comments_num":"0 comments","featured_image_urls_v2":{"full":["https:\/\/teatramatorski.art\/wp-content\/uploads\/2024\/10\/korek-1.jpg",500,374,false],"thumbnail":["https:\/\/teatramatorski.art\/wp-content\/uploads\/2024\/10\/korek-1-150x150.jpg",150,150,true],"medium":["https:\/\/teatramatorski.art\/wp-content\/uploads\/2024\/10\/korek-1-300x224.jpg",300,224,true],"medium_large":["https:\/\/teatramatorski.art\/wp-content\/uploads\/2024\/10\/korek-1.jpg",500,374,false],"large":["https:\/\/teatramatorski.art\/wp-content\/uploads\/2024\/10\/korek-1.jpg",500,374,false],"1536x1536":["https:\/\/teatramatorski.art\/wp-content\/uploads\/2024\/10\/korek-1.jpg",500,374,false],"2048x2048":["https:\/\/teatramatorski.art\/wp-content\/uploads\/2024\/10\/korek-1.jpg",500,374,false]},"post_excerpt_stackable_v2":"<p>Has\u0142o \u201eRodzice &#8211; Dzieciom\u201d zapocz\u0105tkowa\u0142o w 1996 roku dzia\u0142alno\u015b\u0107 wyj\u0105tkowej grupy teatralnej przy Przedszkolu Nr 26 w Tarnowskich G\u00f3rach-Opatowicach. Z tej inspiracji narodzi\u0142 si\u0119 Klub Rodzic\u00f3w Tw\u00f3rczych, kt\u00f3ry prawie co roku przygotowywa\u0142 bajk\u0119 dla przedszkolak\u00f3w, prezentowan\u0105 na scenie pobliskiej \u015awietlicy Miejskiej, kt\u00f3ra obecnie przekszta\u0142ci\u0142a si\u0119 w fili\u0119 Tarnog\u00f3rskiego Centrum Kultury. Pocz\u0105tkowo grupa gra\u0142a tylko dla przedszkolak\u00f3w i ich rodzic\u00f3w, oraz powtarza\u0142a spektakle na piknikach w\u0142asnej i s\u0105siednich dzielnic. Sk\u0142ad grupy zmienia\u0142 si\u0119 dynamicznie, tak jak zmieniali si\u0119 wychowankowie przedszkola. Z obecnego sk\u0142adu do grupy do\u0142\u0105czali kolejno: S\u0142awek Bryk w 2014 r., Kasia Bryk, Ania Sosadzin i Olek Sie\u0144kowski w 2016&hellip;<\/p>\n","category_list_v2":"<a href=\"https:\/\/teatramatorski.art\/index.php\/category\/amatorska-grupa-teatralna-korek\/\" rel=\"category tag\">Amatorska Grupa Teatralna Korek<\/a>","author_info_v2":{"name":"admin","url":"https:\/\/teatramatorski.art\/index.php\/author\/admin\/"},"comments_num_v2":"0 comments","yoast_head":"<!-- This site is optimized with the Yoast SEO plugin v21.1 - https:\/\/yoast.com\/wordpress\/plugins\/seo\/ -->\n<title>Korek czyli Amatorska Grupa Teatralna - P.T.A<\/title>\n<meta name=\"robots\" content=\"index, follow, max-snippet:-1, max-image-preview:large, max-video-preview:-1\" \/>\n<link rel=\"canonical\" href=\"http:\/\/teatramatorski.art\/index.php\/2024\/10\/11\/korek-czyli-amatorska-grupa-teatralna\/\" \/>\n<meta property=\"og:locale\" content=\"pl_PL\" \/>\n<meta property=\"og:type\" content=\"article\" \/>\n<meta property=\"og:title\" content=\"Korek czyli Amatorska Grupa Teatralna - P.T.A\" \/>\n<meta property=\"og:description\" content=\"Has\u0142o \u201eRodzice &#8211; Dzieciom\u201d zapocz\u0105tkowa\u0142o w 1996 roku dzia\u0142alno\u015b\u0107 wyj\u0105tkowej grupy teatralnej przy Przedszkolu Nr 26 w Tarnowskich G\u00f3rach-Opatowicach. Z tej inspiracji narodzi\u0142 si\u0119 Klub Rodzic\u00f3w Tw\u00f3rczych, kt\u00f3ry prawie co roku przygotowywa\u0142 bajk\u0119 dla przedszkolak\u00f3w, prezentowan\u0105 na scenie pobliskiej \u015awietlicy Miejskiej, kt\u00f3ra obecnie przekszta\u0142ci\u0142a si\u0119 w fili\u0119 Tarnog\u00f3rskiego Centrum Kultury. Pocz\u0105tkowo grupa gra\u0142a tylko dla [&hellip;]\" \/>\n<meta property=\"og:url\" content=\"http:\/\/teatramatorski.art\/index.php\/2024\/10\/11\/korek-czyli-amatorska-grupa-teatralna\/\" \/>\n<meta property=\"og:site_name\" content=\"P.T.A\" \/>\n<meta property=\"article:published_time\" content=\"2024-10-11T12:16:16+00:00\" \/>\n<meta property=\"article:modified_time\" content=\"2024-10-11T14:12:17+00:00\" \/>\n<meta property=\"og:image\" content=\"http:\/\/teatramatorski.art\/wp-content\/uploads\/2024\/10\/korek-1.jpg\" \/>\n\t<meta property=\"og:image:width\" content=\"500\" \/>\n\t<meta property=\"og:image:height\" content=\"374\" \/>\n\t<meta property=\"og:image:type\" content=\"image\/jpeg\" \/>\n<meta name=\"author\" content=\"admin\" \/>\n<meta name=\"twitter:card\" content=\"summary_large_image\" \/>\n<meta name=\"twitter:label1\" content=\"Napisane przez\" \/>\n\t<meta name=\"twitter:data1\" content=\"admin\" \/>\n\t<meta name=\"twitter:label2\" content=\"Szacowany czas czytania\" \/>\n\t<meta name=\"twitter:data2\" content=\"3 minuty\" \/>\n<script type=\"application\/ld+json\" class=\"yoast-schema-graph\">{\"@context\":\"https:\/\/schema.org\",\"@graph\":[{\"@type\":\"WebPage\",\"@id\":\"http:\/\/teatramatorski.art\/index.php\/2024\/10\/11\/korek-czyli-amatorska-grupa-teatralna\/\",\"url\":\"http:\/\/teatramatorski.art\/index.php\/2024\/10\/11\/korek-czyli-amatorska-grupa-teatralna\/\",\"name\":\"Korek czyli Amatorska Grupa Teatralna - P.T.A\",\"isPartOf\":{\"@id\":\"http:\/\/teatramatorski.art\/#website\"},\"datePublished\":\"2024-10-11T12:16:16+00:00\",\"dateModified\":\"2024-10-11T14:12:17+00:00\",\"author\":{\"@id\":\"http:\/\/teatramatorski.art\/#\/schema\/person\/74b3746978762f3d9a95ff356b67243f\"},\"breadcrumb\":{\"@id\":\"http:\/\/teatramatorski.art\/index.php\/2024\/10\/11\/korek-czyli-amatorska-grupa-teatralna\/#breadcrumb\"},\"inLanguage\":\"pl-PL\",\"potentialAction\":[{\"@type\":\"ReadAction\",\"target\":[\"http:\/\/teatramatorski.art\/index.php\/2024\/10\/11\/korek-czyli-amatorska-grupa-teatralna\/\"]}]},{\"@type\":\"BreadcrumbList\",\"@id\":\"http:\/\/teatramatorski.art\/index.php\/2024\/10\/11\/korek-czyli-amatorska-grupa-teatralna\/#breadcrumb\",\"itemListElement\":[{\"@type\":\"ListItem\",\"position\":1,\"name\":\"Strona g\u0142\u00f3wna\",\"item\":\"http:\/\/teatramatorski.art\/\"},{\"@type\":\"ListItem\",\"position\":2,\"name\":\"Korek czyli Amatorska Grupa Teatralna\"}]},{\"@type\":\"WebSite\",\"@id\":\"http:\/\/teatramatorski.art\/#website\",\"url\":\"http:\/\/teatramatorski.art\/\",\"name\":\"P.T.A\",\"description\":\"Platforma Teatr\u00f3w Amatorskich\",\"potentialAction\":[{\"@type\":\"SearchAction\",\"target\":{\"@type\":\"EntryPoint\",\"urlTemplate\":\"http:\/\/teatramatorski.art\/?s={search_term_string}\"},\"query-input\":\"required name=search_term_string\"}],\"inLanguage\":\"pl-PL\"},{\"@type\":\"Person\",\"@id\":\"http:\/\/teatramatorski.art\/#\/schema\/person\/74b3746978762f3d9a95ff356b67243f\",\"name\":\"admin\",\"image\":{\"@type\":\"ImageObject\",\"inLanguage\":\"pl-PL\",\"@id\":\"http:\/\/teatramatorski.art\/#\/schema\/person\/image\/\",\"url\":\"https:\/\/secure.gravatar.com\/avatar\/28c426452736e0f5d34108530c741cbe89eba3d8d6b185dd76444b923fd44d10?s=96&d=wp_user_avatar&r=g\",\"contentUrl\":\"https:\/\/secure.gravatar.com\/avatar\/28c426452736e0f5d34108530c741cbe89eba3d8d6b185dd76444b923fd44d10?s=96&d=wp_user_avatar&r=g\",\"caption\":\"admin\"},\"url\":\"https:\/\/teatramatorski.art\/index.php\/author\/admin\/\"}]}<\/script>\n<!-- \/ Yoast SEO plugin. -->","yoast_head_json":{"title":"Korek czyli Amatorska Grupa Teatralna - P.T.A","robots":{"index":"index","follow":"follow","max-snippet":"max-snippet:-1","max-image-preview":"max-image-preview:large","max-video-preview":"max-video-preview:-1"},"canonical":"http:\/\/teatramatorski.art\/index.php\/2024\/10\/11\/korek-czyli-amatorska-grupa-teatralna\/","og_locale":"pl_PL","og_type":"article","og_title":"Korek czyli Amatorska Grupa Teatralna - P.T.A","og_description":"Has\u0142o \u201eRodzice &#8211; Dzieciom\u201d zapocz\u0105tkowa\u0142o w 1996 roku dzia\u0142alno\u015b\u0107 wyj\u0105tkowej grupy teatralnej przy Przedszkolu Nr 26 w Tarnowskich G\u00f3rach-Opatowicach. Z tej inspiracji narodzi\u0142 si\u0119 Klub Rodzic\u00f3w Tw\u00f3rczych, kt\u00f3ry prawie co roku przygotowywa\u0142 bajk\u0119 dla przedszkolak\u00f3w, prezentowan\u0105 na scenie pobliskiej \u015awietlicy Miejskiej, kt\u00f3ra obecnie przekszta\u0142ci\u0142a si\u0119 w fili\u0119 Tarnog\u00f3rskiego Centrum Kultury. Pocz\u0105tkowo grupa gra\u0142a tylko dla [&hellip;]","og_url":"http:\/\/teatramatorski.art\/index.php\/2024\/10\/11\/korek-czyli-amatorska-grupa-teatralna\/","og_site_name":"P.T.A","article_published_time":"2024-10-11T12:16:16+00:00","article_modified_time":"2024-10-11T14:12:17+00:00","og_image":[{"width":500,"height":374,"url":"http:\/\/teatramatorski.art\/wp-content\/uploads\/2024\/10\/korek-1.jpg","type":"image\/jpeg"}],"author":"admin","twitter_card":"summary_large_image","twitter_misc":{"Napisane przez":"admin","Szacowany czas czytania":"3 minuty"},"schema":{"@context":"https:\/\/schema.org","@graph":[{"@type":"WebPage","@id":"http:\/\/teatramatorski.art\/index.php\/2024\/10\/11\/korek-czyli-amatorska-grupa-teatralna\/","url":"http:\/\/teatramatorski.art\/index.php\/2024\/10\/11\/korek-czyli-amatorska-grupa-teatralna\/","name":"Korek czyli Amatorska Grupa Teatralna - P.T.A","isPartOf":{"@id":"http:\/\/teatramatorski.art\/#website"},"datePublished":"2024-10-11T12:16:16+00:00","dateModified":"2024-10-11T14:12:17+00:00","author":{"@id":"http:\/\/teatramatorski.art\/#\/schema\/person\/74b3746978762f3d9a95ff356b67243f"},"breadcrumb":{"@id":"http:\/\/teatramatorski.art\/index.php\/2024\/10\/11\/korek-czyli-amatorska-grupa-teatralna\/#breadcrumb"},"inLanguage":"pl-PL","potentialAction":[{"@type":"ReadAction","target":["http:\/\/teatramatorski.art\/index.php\/2024\/10\/11\/korek-czyli-amatorska-grupa-teatralna\/"]}]},{"@type":"BreadcrumbList","@id":"http:\/\/teatramatorski.art\/index.php\/2024\/10\/11\/korek-czyli-amatorska-grupa-teatralna\/#breadcrumb","itemListElement":[{"@type":"ListItem","position":1,"name":"Strona g\u0142\u00f3wna","item":"http:\/\/teatramatorski.art\/"},{"@type":"ListItem","position":2,"name":"Korek czyli Amatorska Grupa Teatralna"}]},{"@type":"WebSite","@id":"http:\/\/teatramatorski.art\/#website","url":"http:\/\/teatramatorski.art\/","name":"P.T.A","description":"Platforma Teatr\u00f3w Amatorskich","potentialAction":[{"@type":"SearchAction","target":{"@type":"EntryPoint","urlTemplate":"http:\/\/teatramatorski.art\/?s={search_term_string}"},"query-input":"required name=search_term_string"}],"inLanguage":"pl-PL"},{"@type":"Person","@id":"http:\/\/teatramatorski.art\/#\/schema\/person\/74b3746978762f3d9a95ff356b67243f","name":"admin","image":{"@type":"ImageObject","inLanguage":"pl-PL","@id":"http:\/\/teatramatorski.art\/#\/schema\/person\/image\/","url":"https:\/\/secure.gravatar.com\/avatar\/28c426452736e0f5d34108530c741cbe89eba3d8d6b185dd76444b923fd44d10?s=96&d=wp_user_avatar&r=g","contentUrl":"https:\/\/secure.gravatar.com\/avatar\/28c426452736e0f5d34108530c741cbe89eba3d8d6b185dd76444b923fd44d10?s=96&d=wp_user_avatar&r=g","caption":"admin"},"url":"https:\/\/teatramatorski.art\/index.php\/author\/admin\/"}]}},"_links":{"self":[{"href":"https:\/\/teatramatorski.art\/index.php\/wp-json\/wp\/v2\/posts\/7399","targetHints":{"allow":["GET"]}}],"collection":[{"href":"https:\/\/teatramatorski.art\/index.php\/wp-json\/wp\/v2\/posts"}],"about":[{"href":"https:\/\/teatramatorski.art\/index.php\/wp-json\/wp\/v2\/types\/post"}],"author":[{"embeddable":true,"href":"https:\/\/teatramatorski.art\/index.php\/wp-json\/wp\/v2\/users\/1"}],"replies":[{"embeddable":true,"href":"https:\/\/teatramatorski.art\/index.php\/wp-json\/wp\/v2\/comments?post=7399"}],"version-history":[{"count":10,"href":"https:\/\/teatramatorski.art\/index.php\/wp-json\/wp\/v2\/posts\/7399\/revisions"}],"predecessor-version":[{"id":7426,"href":"https:\/\/teatramatorski.art\/index.php\/wp-json\/wp\/v2\/posts\/7399\/revisions\/7426"}],"wp:featuredmedia":[{"embeddable":true,"href":"https:\/\/teatramatorski.art\/index.php\/wp-json\/wp\/v2\/media\/7428"}],"wp:attachment":[{"href":"https:\/\/teatramatorski.art\/index.php\/wp-json\/wp\/v2\/media?parent=7399"}],"wp:term":[{"taxonomy":"category","embeddable":true,"href":"https:\/\/teatramatorski.art\/index.php\/wp-json\/wp\/v2\/categories?post=7399"},{"taxonomy":"post_tag","embeddable":true,"href":"https:\/\/teatramatorski.art\/index.php\/wp-json\/wp\/v2\/tags?post=7399"}],"curies":[{"name":"wp","href":"https:\/\/api.w.org\/{rel}","templated":true}]}}