{"id":6950,"date":"2023-11-16T15:39:49","date_gmt":"2023-11-16T14:39:49","guid":{"rendered":"http:\/\/teatramatorski.art\/?p=6950"},"modified":"2023-11-16T17:45:17","modified_gmt":"2023-11-16T16:45:17","slug":"iii-konferencji-ruchu-teatrow-amatorskich-wena-edukacja-praktyka-inspiracja-dostepnosc","status":"publish","type":"post","link":"https:\/\/teatramatorski.art\/index.php\/2023\/11\/16\/iii-konferencji-ruchu-teatrow-amatorskich-wena-edukacja-praktyka-inspiracja-dostepnosc\/","title":{"rendered":"III Konferencji Ruchu Teatr\u00f3w Amatorskich \u201eWeNa&#8221; \u2013 Edukacja. Praktyka. Inspiracja. Dost\u0119pno\u015b\u0107\u201d."},"content":{"rendered":"\n<h1 class=\"wp-block-heading\">Serdecznie zapraszamy <\/h1>\n\n\n\n<div class=\"wp-block-cover custom-topmargin\" style=\"margin-top:116px\"><span aria-hidden=\"true\" class=\"wp-block-cover__background has-background-dim-0 has-background-dim\"><\/span><img loading=\"lazy\" decoding=\"async\" width=\"800\" height=\"452\" class=\"wp-block-cover__image-background wp-image-6951\" alt=\"\" src=\"http:\/\/teatramatorski.art\/wp-content\/uploads\/2023\/11\/konferencja-ruchu-teatrow-amatorskich-1-1911x1080-1.jpg\" style=\"object-position:50% 15%\" data-object-fit=\"cover\" data-object-position=\"50% 15%\" srcset=\"https:\/\/teatramatorski.art\/wp-content\/uploads\/2023\/11\/konferencja-ruchu-teatrow-amatorskich-1-1911x1080-1.jpg 800w, https:\/\/teatramatorski.art\/wp-content\/uploads\/2023\/11\/konferencja-ruchu-teatrow-amatorskich-1-1911x1080-1-300x170.jpg 300w, https:\/\/teatramatorski.art\/wp-content\/uploads\/2023\/11\/konferencja-ruchu-teatrow-amatorskich-1-1911x1080-1-768x434.jpg 768w\" sizes=\"auto, (max-width: 800px) 100vw, 800px\" \/><div class=\"wp-block-cover__inner-container is-layout-flow wp-block-cover-is-layout-flow\">\n<h1 class=\"wp-block-heading has-text-align-center has-large-font-size has-custom-size custom-topmargin\" style=\"margin-top:-122px;font-size:128px\"><strong><span style=\"color: #222222;background-color: #f34957\" class=\"stk-highlight\">III Konferencja Ruchu Teatr\u00f3w Amatorskich WeNa<\/span><\/strong><\/h1>\n<\/div><\/div>\n\n\n\n<p class=\"has-animator custom-topmargin\" style=\"margin-top:37px\" data-anim-from=\"vertical\" data-anim-duration=\"1\" data-anim-rewind=\"true\" data-anim-distance=\"50\" data-anim-scale-x=\"1\" data-anim-scale-y=\"1\" data-anim-easing=\"easeInOut\" data-anim-effect=\"Cubic\">Wydarzenie obejmuje prelekcje, panel dyskusyjny, spektakl teatru amatorskiego i profesjonalnego oraz sesje stolikowe. Przedsi\u0119wzi\u0119cie b\u0119dzie realizowane w dniach 30.11.\u20131.12.2023 r. w godz. 10:00-16:00, w Spodkach Podlaskiego Instytutu Kultury w Bia\u0142ymstoku przy ul. \u015bw. Rocha 14.<\/p>\n\n\n\n<p>Konferencja skierowana jest do instruktor\u00f3w teatralnych, animator\u00f3w kultury, tw\u00f3rc\u00f3w, edukator\u00f3w, arteterapeut\u00f3w, nauczycieli, student\u00f3w i os\u00f3b zainteresowanych dzia\u0142aniami teatr\u00f3w amatorskich.<\/p>\n\n\n\n<p>Zapraszamy wszystkich zainteresowanych dzia\u0142aniami teatr\u00f3w amatorskich.<\/p>\n\n\n\n<p>Wydarzenie ma s\u0142u\u017cy\u0107 wsparciu Amatorskiego Ruchu Artystycznego, w tym Amatorskiego Ruchu Teatralnego, jako wa\u017cnego czynnika kulturotw\u00f3rczego regionu. W programie znajd\u0105 si\u0119: sesje stolikowe, prezentacje teatr\u00f3w, spektakle, prelekcje, panele Q&amp;A oraz debata.<\/p>\n\n\n\n<p>Tematem przewodnim tegorocznej konferencji jest&nbsp;<strong>dost\u0119pno\u015b\u0107<\/strong>, rozumiana dwojako: dost\u0119pno\u015b\u0107 teatru amatorskiego jako czynnika kulturotw\u00f3rczego oraz dost\u0119pno\u015b\u0107, jak\u0105 jest praca z osobami z niepe\u0142nosprawno\u015bci\u0105 \u2013 w tym z niepe\u0142nosprawno\u015bci\u0105 intelektualn\u0105. Skupimy si\u0119 na refleksji wok\u00f3\u0142 nast\u0119puj\u0105cych kr\u0119g\u00f3w tematycznych: dost\u0119pno\u015b\u0107, proces tw\u00f3rczy, praca teatralna z osobami z niepe\u0142nosprawno\u015bci\u0105 oraz teatroterapia.<\/p>\n\n\n\n<p>Spotkanie uzupe\u0142ni\u0105 prezentacje teatr\u00f3w amatorskich z wojew\u00f3dztwa podlaskiego oraz sesje stolikowe, na kt\u00f3rych animatorzy kultury bada\u0107 b\u0119d\u0105 kondycj\u0119 ruchu amatorskiego w naszym regionie. Wszystkich zainteresowanych prezentacj\u0105 dorobku artystycznego teatr\u00f3w lub grup, zapraszamy do uzupe\u0142nienia&nbsp;<a href=\"https:\/\/pikpodlaskie.pl\/iii-konferencja-ruchu-teatrow-amatorskich-formularz-zgloszenia-teatru\/\" target=\"_blank\" rel=\"noreferrer noopener\"><span style=\"color: #f21100;\" class=\"stk-highlight\">formularza zg\u0142oszenia teatru do prezentacji.<\/span><\/a><\/p>\n\n\n\n<p>Ch\u0119tnych do udzia\u0142u w konferencji zapraszamy do rejestracji poprzez&nbsp;<a href=\"https:\/\/pikpodlaskie.pl\/iii-konferencja-ruchu-teatrow-amatorskich-formularz-zgloszeniowy-dla-uczestnika\/\" target=\"_blank\" rel=\"noreferrer noopener\">formularz zg\u0142oszeniowy dla uczestnika.<\/a><\/p>\n\n\n\n<p> <p>Spotkanie uzupe\u0142ni\u0105 prezentacje teatr\u00f3w amatorskich z wojew\u00f3dztwa podlaskiego oraz sesje stolikowe, na kt\u00f3rych animatorzy kultury bada\u0107 b\u0119d\u0105 kondycj\u0119 ruchu amatorskiego w naszym regionie. Wszystkich zainteresowanych prezentacj\u0105 dorobku artystycznego teatr\u00f3w lub grup, zapraszamy do uzupe\u0142nienia\u00a0<a href=\"https:\/\/pikpodlaskie.pl\/iii-konferencja-ruchu-teatrow-amatorskich-formularz-zgloszenia-teatru\/\" target=\"_blank\" rel=\"noreferrer noopener\">formularza zg\u0142oszenia teatru do prezentacji.<\/a><\/p>   <p>Ch\u0119tnych do udzia\u0142u w konferencji zapraszamy do rejestracji poprzez<span style=\"color: #f30101;\" class=\"stk-highlight\">\u00a0<a href=\"https:\/\/pikpodlaskie.pl\/iii-konferencja-ruchu-teatrow-amatorskich-formularz-zgloszeniowy-dla-uczestnika\/\" target=\"_blank\" rel=\"noreferrer noopener\">formularz zg\u0142oszeniowy dla uczestnika.<\/a><\/span><\/p> <\/p>\n","protected":false},"excerpt":{"rendered":"<p>Serdecznie zapraszamy Wydarzenie obejmuje prelekcje, panel dyskusyjny, spektakl teatru amatorskiego i profesjonalnego oraz sesje stolikowe. Przedsi\u0119wzi\u0119cie b\u0119dzie realizowane w dniach 30.11.\u20131.12.2023 r. w godz. 10:00-16:00, w Spodkach Podlaskiego Instytutu Kultury w Bia\u0142ymstoku przy ul. \u015bw. Rocha 14. Konferencja skierowana jest do instruktor\u00f3w teatralnych, animator\u00f3w kultury, tw\u00f3rc\u00f3w, edukator\u00f3w, arteterapeut\u00f3w, nauczycieli, student\u00f3w i os\u00f3b zainteresowanych dzia\u0142aniami teatr\u00f3w [&hellip;]<\/p>\n","protected":false},"author":1,"featured_media":6951,"comment_status":"closed","ping_status":"open","sticky":false,"template":"","format":"standard","meta":{"_mi_skip_tracking":false,"_monsterinsights_sitenote_active":false,"_monsterinsights_sitenote_note":"","_monsterinsights_sitenote_category":0,"kk_blocks_editor_width":"","_kiokenblocks_attr":"","_kiokenblocks_dimensions":"","footnotes":""},"categories":[1],"tags":[],"class_list":["bg-stuff"],"featured_image_urls":{"full":["https:\/\/teatramatorski.art\/wp-content\/uploads\/2023\/11\/konferencja-ruchu-teatrow-amatorskich-1-1911x1080-1.jpg",800,452,false],"thumbnail":["https:\/\/teatramatorski.art\/wp-content\/uploads\/2023\/11\/konferencja-ruchu-teatrow-amatorskich-1-1911x1080-1-150x150.jpg",150,150,true],"medium":["https:\/\/teatramatorski.art\/wp-content\/uploads\/2023\/11\/konferencja-ruchu-teatrow-amatorskich-1-1911x1080-1-300x170.jpg",300,170,true],"medium_large":["https:\/\/teatramatorski.art\/wp-content\/uploads\/2023\/11\/konferencja-ruchu-teatrow-amatorskich-1-1911x1080-1-768x434.jpg",600,339,true],"large":["https:\/\/teatramatorski.art\/wp-content\/uploads\/2023\/11\/konferencja-ruchu-teatrow-amatorskich-1-1911x1080-1.jpg",600,339,false],"1536x1536":["https:\/\/teatramatorski.art\/wp-content\/uploads\/2023\/11\/konferencja-ruchu-teatrow-amatorskich-1-1911x1080-1.jpg",800,452,false],"2048x2048":["https:\/\/teatramatorski.art\/wp-content\/uploads\/2023\/11\/konferencja-ruchu-teatrow-amatorskich-1-1911x1080-1.jpg",800,452,false]},"post_excerpt_stackable":"<p>Serdecznie zapraszamy III Konferencja Ruchu Teatr\u00f3w Amatorskich WeNa Wydarzenie obejmuje prelekcje, panel dyskusyjny, spektakl teatru amatorskiego i profesjonalnego oraz sesje stolikowe. Przedsi\u0119wzi\u0119cie b\u0119dzie realizowane w dniach 30.11.\u20131.12.2023 r. w godz. 10:00-16:00, w Spodkach Podlaskiego Instytutu Kultury w Bia\u0142ymstoku przy ul. \u015bw. Rocha 14. Konferencja skierowana jest do instruktor\u00f3w teatralnych, animator\u00f3w kultury, tw\u00f3rc\u00f3w, edukator\u00f3w, arteterapeut\u00f3w, nauczycieli, student\u00f3w i os\u00f3b zainteresowanych dzia\u0142aniami teatr\u00f3w amatorskich. Zapraszamy wszystkich zainteresowanych dzia\u0142aniami teatr\u00f3w amatorskich. Wydarzenie ma s\u0142u\u017cy\u0107 wsparciu Amatorskiego Ruchu Artystycznego, w tym Amatorskiego Ruchu Teatralnego, jako wa\u017cnego czynnika kulturotw\u00f3rczego regionu. W programie znajd\u0105 si\u0119: sesje stolikowe, prezentacje teatr\u00f3w, spektakle, prelekcje, panele Q&amp;A oraz debata. Tematem&hellip;<\/p>\n","category_list":"<a href=\"https:\/\/teatramatorski.art\/index.php\/category\/newsy\/\" rel=\"category tag\">Akt VII - Niusy<\/a>","author_info":{"name":"admin","url":"https:\/\/teatramatorski.art\/index.php\/author\/admin\/"},"comments_num":"0 comments","featured_image_urls_v2":{"full":["https:\/\/teatramatorski.art\/wp-content\/uploads\/2023\/11\/konferencja-ruchu-teatrow-amatorskich-1-1911x1080-1.jpg",800,452,false],"thumbnail":["https:\/\/teatramatorski.art\/wp-content\/uploads\/2023\/11\/konferencja-ruchu-teatrow-amatorskich-1-1911x1080-1-150x150.jpg",150,150,true],"medium":["https:\/\/teatramatorski.art\/wp-content\/uploads\/2023\/11\/konferencja-ruchu-teatrow-amatorskich-1-1911x1080-1-300x170.jpg",300,170,true],"medium_large":["https:\/\/teatramatorski.art\/wp-content\/uploads\/2023\/11\/konferencja-ruchu-teatrow-amatorskich-1-1911x1080-1-768x434.jpg",600,339,true],"large":["https:\/\/teatramatorski.art\/wp-content\/uploads\/2023\/11\/konferencja-ruchu-teatrow-amatorskich-1-1911x1080-1.jpg",600,339,false],"1536x1536":["https:\/\/teatramatorski.art\/wp-content\/uploads\/2023\/11\/konferencja-ruchu-teatrow-amatorskich-1-1911x1080-1.jpg",800,452,false],"2048x2048":["https:\/\/teatramatorski.art\/wp-content\/uploads\/2023\/11\/konferencja-ruchu-teatrow-amatorskich-1-1911x1080-1.jpg",800,452,false]},"post_excerpt_stackable_v2":"<p>Serdecznie zapraszamy III Konferencja Ruchu Teatr\u00f3w Amatorskich WeNa Wydarzenie obejmuje prelekcje, panel dyskusyjny, spektakl teatru amatorskiego i profesjonalnego oraz sesje stolikowe. Przedsi\u0119wzi\u0119cie b\u0119dzie realizowane w dniach 30.11.\u20131.12.2023 r. w godz. 10:00-16:00, w Spodkach Podlaskiego Instytutu Kultury w Bia\u0142ymstoku przy ul. \u015bw. Rocha 14. Konferencja skierowana jest do instruktor\u00f3w teatralnych, animator\u00f3w kultury, tw\u00f3rc\u00f3w, edukator\u00f3w, arteterapeut\u00f3w, nauczycieli, student\u00f3w i os\u00f3b zainteresowanych dzia\u0142aniami teatr\u00f3w amatorskich. Zapraszamy wszystkich zainteresowanych dzia\u0142aniami teatr\u00f3w amatorskich. Wydarzenie ma s\u0142u\u017cy\u0107 wsparciu Amatorskiego Ruchu Artystycznego, w tym Amatorskiego Ruchu Teatralnego, jako wa\u017cnego czynnika kulturotw\u00f3rczego regionu. W programie znajd\u0105 si\u0119: sesje stolikowe, prezentacje teatr\u00f3w, spektakle, prelekcje, panele Q&amp;A oraz debata. Tematem&hellip;<\/p>\n","category_list_v2":"<a href=\"https:\/\/teatramatorski.art\/index.php\/category\/newsy\/\" rel=\"category tag\">Akt VII - Niusy<\/a>","author_info_v2":{"name":"admin","url":"https:\/\/teatramatorski.art\/index.php\/author\/admin\/"},"comments_num_v2":"0 comments","yoast_head":"<!-- This site is optimized with the Yoast SEO plugin v21.1 - https:\/\/yoast.com\/wordpress\/plugins\/seo\/ -->\n<title>III Konferencji Ruchu Teatr\u00f3w Amatorskich \u201eWeNa&quot; \u2013 Edukacja. Praktyka. Inspiracja. Dost\u0119pno\u015b\u0107\u201d. - P.T.A<\/title>\n<meta name=\"robots\" content=\"index, follow, max-snippet:-1, max-image-preview:large, max-video-preview:-1\" \/>\n<link rel=\"canonical\" href=\"https:\/\/teatramatorski.art\/index.php\/2023\/11\/16\/iii-konferencji-ruchu-teatrow-amatorskich-wena-edukacja-praktyka-inspiracja-dostepnosc\/\" \/>\n<meta property=\"og:locale\" content=\"pl_PL\" \/>\n<meta property=\"og:type\" content=\"article\" \/>\n<meta property=\"og:title\" content=\"III Konferencji Ruchu Teatr\u00f3w Amatorskich \u201eWeNa&quot; \u2013 Edukacja. Praktyka. Inspiracja. Dost\u0119pno\u015b\u0107\u201d. - P.T.A\" \/>\n<meta property=\"og:description\" content=\"Serdecznie zapraszamy Wydarzenie obejmuje prelekcje, panel dyskusyjny, spektakl teatru amatorskiego i profesjonalnego oraz sesje stolikowe. Przedsi\u0119wzi\u0119cie b\u0119dzie realizowane w dniach 30.11.\u20131.12.2023 r. w godz. 10:00-16:00, w Spodkach Podlaskiego Instytutu Kultury w Bia\u0142ymstoku przy ul. \u015bw. Rocha 14. Konferencja skierowana jest do instruktor\u00f3w teatralnych, animator\u00f3w kultury, tw\u00f3rc\u00f3w, edukator\u00f3w, arteterapeut\u00f3w, nauczycieli, student\u00f3w i os\u00f3b zainteresowanych dzia\u0142aniami teatr\u00f3w [&hellip;]\" \/>\n<meta property=\"og:url\" content=\"https:\/\/teatramatorski.art\/index.php\/2023\/11\/16\/iii-konferencji-ruchu-teatrow-amatorskich-wena-edukacja-praktyka-inspiracja-dostepnosc\/\" \/>\n<meta property=\"og:site_name\" content=\"P.T.A\" \/>\n<meta property=\"article:published_time\" content=\"2023-11-16T14:39:49+00:00\" \/>\n<meta property=\"article:modified_time\" content=\"2023-11-16T16:45:17+00:00\" \/>\n<meta property=\"og:image\" content=\"https:\/\/teatramatorski.art\/wp-content\/uploads\/2023\/11\/konferencja-ruchu-teatrow-amatorskich-1-1911x1080-1.jpg\" \/>\n\t<meta property=\"og:image:width\" content=\"800\" \/>\n\t<meta property=\"og:image:height\" content=\"452\" \/>\n\t<meta property=\"og:image:type\" content=\"image\/jpeg\" \/>\n<meta name=\"author\" content=\"admin\" \/>\n<meta name=\"twitter:card\" content=\"summary_large_image\" \/>\n<meta name=\"twitter:label1\" content=\"Napisane przez\" \/>\n\t<meta name=\"twitter:data1\" content=\"admin\" \/>\n\t<meta name=\"twitter:label2\" content=\"Szacowany czas czytania\" \/>\n\t<meta name=\"twitter:data2\" content=\"2 minuty\" \/>\n<script type=\"application\/ld+json\" class=\"yoast-schema-graph\">{\"@context\":\"https:\/\/schema.org\",\"@graph\":[{\"@type\":\"WebPage\",\"@id\":\"https:\/\/teatramatorski.art\/index.php\/2023\/11\/16\/iii-konferencji-ruchu-teatrow-amatorskich-wena-edukacja-praktyka-inspiracja-dostepnosc\/\",\"url\":\"https:\/\/teatramatorski.art\/index.php\/2023\/11\/16\/iii-konferencji-ruchu-teatrow-amatorskich-wena-edukacja-praktyka-inspiracja-dostepnosc\/\",\"name\":\"III Konferencji Ruchu Teatr\u00f3w Amatorskich \u201eWeNa\\\" \u2013 Edukacja. Praktyka. Inspiracja. Dost\u0119pno\u015b\u0107\u201d. - P.T.A\",\"isPartOf\":{\"@id\":\"http:\/\/teatramatorski.art\/#website\"},\"datePublished\":\"2023-11-16T14:39:49+00:00\",\"dateModified\":\"2023-11-16T16:45:17+00:00\",\"author\":{\"@id\":\"http:\/\/teatramatorski.art\/#\/schema\/person\/74b3746978762f3d9a95ff356b67243f\"},\"breadcrumb\":{\"@id\":\"https:\/\/teatramatorski.art\/index.php\/2023\/11\/16\/iii-konferencji-ruchu-teatrow-amatorskich-wena-edukacja-praktyka-inspiracja-dostepnosc\/#breadcrumb\"},\"inLanguage\":\"pl-PL\",\"potentialAction\":[{\"@type\":\"ReadAction\",\"target\":[\"https:\/\/teatramatorski.art\/index.php\/2023\/11\/16\/iii-konferencji-ruchu-teatrow-amatorskich-wena-edukacja-praktyka-inspiracja-dostepnosc\/\"]}]},{\"@type\":\"BreadcrumbList\",\"@id\":\"https:\/\/teatramatorski.art\/index.php\/2023\/11\/16\/iii-konferencji-ruchu-teatrow-amatorskich-wena-edukacja-praktyka-inspiracja-dostepnosc\/#breadcrumb\",\"itemListElement\":[{\"@type\":\"ListItem\",\"position\":1,\"name\":\"Strona g\u0142\u00f3wna\",\"item\":\"http:\/\/teatramatorski.art\/\"},{\"@type\":\"ListItem\",\"position\":2,\"name\":\"III Konferencji Ruchu Teatr\u00f3w Amatorskich \u201eWeNa&#8221; \u2013 Edukacja. Praktyka. Inspiracja. Dost\u0119pno\u015b\u0107\u201d.\"}]},{\"@type\":\"WebSite\",\"@id\":\"http:\/\/teatramatorski.art\/#website\",\"url\":\"http:\/\/teatramatorski.art\/\",\"name\":\"P.T.A\",\"description\":\"Platforma Teatr\u00f3w Amatorskich\",\"potentialAction\":[{\"@type\":\"SearchAction\",\"target\":{\"@type\":\"EntryPoint\",\"urlTemplate\":\"http:\/\/teatramatorski.art\/?s={search_term_string}\"},\"query-input\":\"required name=search_term_string\"}],\"inLanguage\":\"pl-PL\"},{\"@type\":\"Person\",\"@id\":\"http:\/\/teatramatorski.art\/#\/schema\/person\/74b3746978762f3d9a95ff356b67243f\",\"name\":\"admin\",\"image\":{\"@type\":\"ImageObject\",\"inLanguage\":\"pl-PL\",\"@id\":\"http:\/\/teatramatorski.art\/#\/schema\/person\/image\/\",\"url\":\"https:\/\/secure.gravatar.com\/avatar\/28c426452736e0f5d34108530c741cbe89eba3d8d6b185dd76444b923fd44d10?s=96&d=wp_user_avatar&r=g\",\"contentUrl\":\"https:\/\/secure.gravatar.com\/avatar\/28c426452736e0f5d34108530c741cbe89eba3d8d6b185dd76444b923fd44d10?s=96&d=wp_user_avatar&r=g\",\"caption\":\"admin\"},\"url\":\"https:\/\/teatramatorski.art\/index.php\/author\/admin\/\"}]}<\/script>\n<!-- \/ Yoast SEO plugin. -->","yoast_head_json":{"title":"III Konferencji Ruchu Teatr\u00f3w Amatorskich \u201eWeNa\" \u2013 Edukacja. Praktyka. Inspiracja. Dost\u0119pno\u015b\u0107\u201d. - P.T.A","robots":{"index":"index","follow":"follow","max-snippet":"max-snippet:-1","max-image-preview":"max-image-preview:large","max-video-preview":"max-video-preview:-1"},"canonical":"https:\/\/teatramatorski.art\/index.php\/2023\/11\/16\/iii-konferencji-ruchu-teatrow-amatorskich-wena-edukacja-praktyka-inspiracja-dostepnosc\/","og_locale":"pl_PL","og_type":"article","og_title":"III Konferencji Ruchu Teatr\u00f3w Amatorskich \u201eWeNa\" \u2013 Edukacja. Praktyka. Inspiracja. Dost\u0119pno\u015b\u0107\u201d. - P.T.A","og_description":"Serdecznie zapraszamy Wydarzenie obejmuje prelekcje, panel dyskusyjny, spektakl teatru amatorskiego i profesjonalnego oraz sesje stolikowe. Przedsi\u0119wzi\u0119cie b\u0119dzie realizowane w dniach 30.11.\u20131.12.2023 r. w godz. 10:00-16:00, w Spodkach Podlaskiego Instytutu Kultury w Bia\u0142ymstoku przy ul. \u015bw. Rocha 14. Konferencja skierowana jest do instruktor\u00f3w teatralnych, animator\u00f3w kultury, tw\u00f3rc\u00f3w, edukator\u00f3w, arteterapeut\u00f3w, nauczycieli, student\u00f3w i os\u00f3b zainteresowanych dzia\u0142aniami teatr\u00f3w [&hellip;]","og_url":"https:\/\/teatramatorski.art\/index.php\/2023\/11\/16\/iii-konferencji-ruchu-teatrow-amatorskich-wena-edukacja-praktyka-inspiracja-dostepnosc\/","og_site_name":"P.T.A","article_published_time":"2023-11-16T14:39:49+00:00","article_modified_time":"2023-11-16T16:45:17+00:00","og_image":[{"width":800,"height":452,"url":"https:\/\/teatramatorski.art\/wp-content\/uploads\/2023\/11\/konferencja-ruchu-teatrow-amatorskich-1-1911x1080-1.jpg","type":"image\/jpeg"}],"author":"admin","twitter_card":"summary_large_image","twitter_misc":{"Napisane przez":"admin","Szacowany czas czytania":"2 minuty"},"schema":{"@context":"https:\/\/schema.org","@graph":[{"@type":"WebPage","@id":"https:\/\/teatramatorski.art\/index.php\/2023\/11\/16\/iii-konferencji-ruchu-teatrow-amatorskich-wena-edukacja-praktyka-inspiracja-dostepnosc\/","url":"https:\/\/teatramatorski.art\/index.php\/2023\/11\/16\/iii-konferencji-ruchu-teatrow-amatorskich-wena-edukacja-praktyka-inspiracja-dostepnosc\/","name":"III Konferencji Ruchu Teatr\u00f3w Amatorskich \u201eWeNa\" \u2013 Edukacja. Praktyka. Inspiracja. Dost\u0119pno\u015b\u0107\u201d. - P.T.A","isPartOf":{"@id":"http:\/\/teatramatorski.art\/#website"},"datePublished":"2023-11-16T14:39:49+00:00","dateModified":"2023-11-16T16:45:17+00:00","author":{"@id":"http:\/\/teatramatorski.art\/#\/schema\/person\/74b3746978762f3d9a95ff356b67243f"},"breadcrumb":{"@id":"https:\/\/teatramatorski.art\/index.php\/2023\/11\/16\/iii-konferencji-ruchu-teatrow-amatorskich-wena-edukacja-praktyka-inspiracja-dostepnosc\/#breadcrumb"},"inLanguage":"pl-PL","potentialAction":[{"@type":"ReadAction","target":["https:\/\/teatramatorski.art\/index.php\/2023\/11\/16\/iii-konferencji-ruchu-teatrow-amatorskich-wena-edukacja-praktyka-inspiracja-dostepnosc\/"]}]},{"@type":"BreadcrumbList","@id":"https:\/\/teatramatorski.art\/index.php\/2023\/11\/16\/iii-konferencji-ruchu-teatrow-amatorskich-wena-edukacja-praktyka-inspiracja-dostepnosc\/#breadcrumb","itemListElement":[{"@type":"ListItem","position":1,"name":"Strona g\u0142\u00f3wna","item":"http:\/\/teatramatorski.art\/"},{"@type":"ListItem","position":2,"name":"III Konferencji Ruchu Teatr\u00f3w Amatorskich \u201eWeNa&#8221; \u2013 Edukacja. Praktyka. Inspiracja. Dost\u0119pno\u015b\u0107\u201d."}]},{"@type":"WebSite","@id":"http:\/\/teatramatorski.art\/#website","url":"http:\/\/teatramatorski.art\/","name":"P.T.A","description":"Platforma Teatr\u00f3w Amatorskich","potentialAction":[{"@type":"SearchAction","target":{"@type":"EntryPoint","urlTemplate":"http:\/\/teatramatorski.art\/?s={search_term_string}"},"query-input":"required name=search_term_string"}],"inLanguage":"pl-PL"},{"@type":"Person","@id":"http:\/\/teatramatorski.art\/#\/schema\/person\/74b3746978762f3d9a95ff356b67243f","name":"admin","image":{"@type":"ImageObject","inLanguage":"pl-PL","@id":"http:\/\/teatramatorski.art\/#\/schema\/person\/image\/","url":"https:\/\/secure.gravatar.com\/avatar\/28c426452736e0f5d34108530c741cbe89eba3d8d6b185dd76444b923fd44d10?s=96&d=wp_user_avatar&r=g","contentUrl":"https:\/\/secure.gravatar.com\/avatar\/28c426452736e0f5d34108530c741cbe89eba3d8d6b185dd76444b923fd44d10?s=96&d=wp_user_avatar&r=g","caption":"admin"},"url":"https:\/\/teatramatorski.art\/index.php\/author\/admin\/"}]}},"_links":{"self":[{"href":"https:\/\/teatramatorski.art\/index.php\/wp-json\/wp\/v2\/posts\/6950","targetHints":{"allow":["GET"]}}],"collection":[{"href":"https:\/\/teatramatorski.art\/index.php\/wp-json\/wp\/v2\/posts"}],"about":[{"href":"https:\/\/teatramatorski.art\/index.php\/wp-json\/wp\/v2\/types\/post"}],"author":[{"embeddable":true,"href":"https:\/\/teatramatorski.art\/index.php\/wp-json\/wp\/v2\/users\/1"}],"replies":[{"embeddable":true,"href":"https:\/\/teatramatorski.art\/index.php\/wp-json\/wp\/v2\/comments?post=6950"}],"version-history":[{"count":16,"href":"https:\/\/teatramatorski.art\/index.php\/wp-json\/wp\/v2\/posts\/6950\/revisions"}],"predecessor-version":[{"id":6973,"href":"https:\/\/teatramatorski.art\/index.php\/wp-json\/wp\/v2\/posts\/6950\/revisions\/6973"}],"wp:featuredmedia":[{"embeddable":true,"href":"https:\/\/teatramatorski.art\/index.php\/wp-json\/wp\/v2\/media\/6951"}],"wp:attachment":[{"href":"https:\/\/teatramatorski.art\/index.php\/wp-json\/wp\/v2\/media?parent=6950"}],"wp:term":[{"taxonomy":"category","embeddable":true,"href":"https:\/\/teatramatorski.art\/index.php\/wp-json\/wp\/v2\/categories?post=6950"},{"taxonomy":"post_tag","embeddable":true,"href":"https:\/\/teatramatorski.art\/index.php\/wp-json\/wp\/v2\/tags?post=6950"}],"curies":[{"name":"wp","href":"https:\/\/api.w.org\/{rel}","templated":true}]}}